{"id":9977,"date":"2025-06-05T19:08:08","date_gmt":"2025-06-05T19:08:08","guid":{"rendered":"https:\/\/realidadturistica.com\/realtur\/?p=9977"},"modified":"2025-06-05T19:08:10","modified_gmt":"2025-06-05T19:08:10","slug":"enjoy-travel-group-reafirma-su-compromiso-con-la-sostenibilidad-en-el-dia-mundial-del-medio-ambiente","status":"publish","type":"post","link":"https:\/\/realidadturistica.com\/realtur\/enjoy-travel-group-reafirma-su-compromiso-con-la-sostenibilidad-en-el-dia-mundial-del-medio-ambiente\/","title":{"rendered":"Enjoy Travel Group reafirma su compromiso con la sostenibilidad en el D\u00eda Mundial del Medio Ambiente"},"content":{"rendered":"\n<p class=\"wp-block-yoast-seo-estimated-reading-time yoast-reading-time__wrapper\"><span class=\"yoast-reading-time__icon\"><svg aria-hidden=\"true\" focusable=\"false\" data-icon=\"clock\" width=\"20\" height=\"20\" fill=\"none\" stroke=\"currentColor\" style=\"display:inline-block;vertical-align:-0.1em\" role=\"img\" xmlns=\"http:\/\/www.w3.org\/2000\/svg\" viewBox=\"0 0 24 24\"><path stroke-linecap=\"round\" stroke-linejoin=\"round\" stroke-width=\"2\" d=\"M12 8v4l3 3m6-3a9 9 0 11-18 0 9 9 0 0118 0z\"><\/path><\/svg><\/span><span class=\"yoast-reading-time__spacer\" style=\"display:inline-block;width:1em\"><\/span><span class=\"yoast-reading-time__descriptive-text\">Estimated reading time: <\/span><span class=\"yoast-reading-time__reading-time\">2<\/span><span class=\"yoast-reading-time__time-unit\"> minutos<\/span><\/p>\n\n\n\n<p>En el marco del D\u00eda Mundial del Medio Ambiente, establecido por la Asamblea General de las Naciones Unidas en 1972 con el objetivo de promover la conciencia y acci\u00f3n mundial a favor del cuidado del planeta, <a href=\"https:\/\/www.enjoytravelgroup.com\/\">Enjoy Travel Group<\/a> se suma a esta conmemoraci\u00f3n reforzando su compromiso con el desarrollo de un turismo responsable y sostenible.<\/p>\n\n\n\n<p>Bajo el lema 2025 \u201cSin contaminaci\u00f3n por pl\u00e1sticos\u201d, la campa\u00f1a de este a\u00f1o pone \u00e9nfasis en uno de los mayores desaf\u00edos ambientales actuales. En consonancia con esta visi\u00f3n, <a href=\"https:\/\/www.enjoytravelgroup.com\/\">Enjoy Travel Group <\/a>ha venido implementando acciones concretas orientadas a la protecci\u00f3n del entorno natural, la reducci\u00f3n del impacto ambiental de sus operaciones y la promoci\u00f3n de buenas pr\u00e1cticas entre sus colaboradores, aliados y viajeros.<\/p>\n\n\n\n<p>Fruto de estos esfuerzos, la compa\u00f1\u00eda ha sido reconocida con importantes sellos internacionales de sostenibilidad, entre ellos el sello Biosphere y la certificaci\u00f3n EarthCheck Evaluate 2025, obtenidos por la oficina de <a href=\"https:\/\/www.enjoytravelgroup.com\/\">Enjoy Travel Group<\/a> en Espa\u00f1a. Estos logros representan un reconocimiento a toda la compa\u00f1\u00eda y certifican el cumplimiento de est\u00e1ndares globales en materia de sostenibilidad, gesti\u00f3n ambiental, eficiencia energ\u00e9tica y responsabilidad social.<\/p>\n\n\n\n<p>\u201cLa sostenibilidad no es una opci\u00f3n, es un principio que gu\u00eda nuestras decisiones. Creemos firmemente en un turismo que conserve, respete y aporte al entorno donde opera\u201d, expres\u00f3 Jordi Castell\u00f3, vicepresidente de <a href=\"https:\/\/www.enjoytravelgroup.com\/\">Enjoy Travel Group<\/a>.<\/p>\n\n\n\n<p>Desde sus 12 oficinas comerciales y de representaci\u00f3n internacional \u2014Espa\u00f1a, Italia, Rusia, Canad\u00e1, Cuba, Rep\u00fablica Dominicana, M\u00e9xico, Colombia, Per\u00fa, Chile, Brasil y Argentina\u2014, <a href=\"https:\/\/www.enjoytravelgroup.com\/\">Enjoy Travel Group<\/a> continuar\u00e1 promoviendo iniciativas que contribuyan al bienestar ambiental, alineadas con los Objetivos de Desarrollo Sostenible (ODS) y con una mirada a largo plazo que garantice un futuro m\u00e1s limpio, justo y consciente para las pr\u00f3ximas generaciones.<\/p>\n\n\n\n<p><a href=\"https:\/\/www.enjoytravelgroup.com\/\">www.enjoytravelgroup.com<\/a><\/p>\n","protected":false},"excerpt":{"rendered":"<p>En el marco del D\u00eda Mundial del Medio Ambiente, establecido por la Asamblea General de las Naciones Unidas en 1972 con el objetivo de promover&hellip;<\/p>\n","protected":false},"author":2,"featured_media":9978,"comment_status":"open","ping_status":"closed","sticky":false,"template":"","format":"standard","meta":{"content-type":"","_lmt_disableupdate":"","_lmt_disable":"","footnotes":""},"categories":[6],"tags":[],"class_list":["post-9977","post","type-post","status-publish","format-standard","has-post-thumbnail","hentry","category-turismo"],"yoast_head":"<!-- This site is optimized with the Yoast SEO Premium plugin v27.4 (Yoast SEO v27.5) - https:\/\/yoast.com\/product\/yoast-seo-premium-wordpress\/ -->\n<title>Enjoy Travel Group reafirma su compromiso con la sostenibilidad en el D\u00eda Mundial del Medio Ambiente - Realidad Tur\u00edstica<\/title>\n<meta name=\"robots\" content=\"index, follow, max-snippet:-1, max-image-preview:large, max-video-preview:-1\" \/>\n<link rel=\"canonical\" href=\"https:\/\/realidadturistica.com\/realtur\/enjoy-travel-group-reafirma-su-compromiso-con-la-sostenibilidad-en-el-dia-mundial-del-medio-ambiente\/\" \/>\n<meta property=\"og:locale\" content=\"es_ES\" \/>\n<meta property=\"og:type\" content=\"article\" \/>\n<meta property=\"og:title\" content=\"Enjoy Travel Group reafirma su compromiso con la sostenibilidad en el D\u00eda Mundial del Medio Ambiente\" \/>\n<meta property=\"og:description\" content=\"En el marco del D\u00eda Mundial del Medio Ambiente, establecido por la Asamblea General de las Naciones Unidas en 1972 con el objetivo de promover&hellip;\" \/>\n<meta property=\"og:url\" content=\"https:\/\/realidadturistica.com\/realtur\/enjoy-travel-group-reafirma-su-compromiso-con-la-sostenibilidad-en-el-dia-mundial-del-medio-ambiente\/\" \/>\n<meta property=\"og:site_name\" content=\"Realidad Tur\u00edstica\" \/>\n<meta property=\"article:publisher\" content=\"https:\/\/www.facebook.com\/realidadturistica\" \/>\n<meta property=\"article:published_time\" content=\"2025-06-05T19:08:08+00:00\" \/>\n<meta property=\"article:modified_time\" content=\"2025-06-05T19:08:10+00:00\" \/>\n<meta property=\"og:image\" content=\"https:\/\/realidadturistica.com\/realtur\/wp-content\/uploads\/2025\/06\/Enjoy-Travel-Group.jpg\" \/>\n\t<meta property=\"og:image:width\" content=\"942\" \/>\n\t<meta property=\"og:image:height\" content=\"1215\" \/>\n\t<meta property=\"og:image:type\" content=\"image\/jpeg\" \/>\n<meta name=\"author\" content=\"Editor\" \/>\n<meta name=\"twitter:card\" content=\"summary_large_image\" \/>\n<meta name=\"twitter:label1\" content=\"Escrito por\" \/>\n\t<meta name=\"twitter:data1\" content=\"Editor\" \/>\n\t<meta name=\"twitter:label2\" content=\"Tiempo de lectura\" \/>\n\t<meta name=\"twitter:data2\" content=\"2 minutos\" \/>\n<script type=\"application\/ld+json\" class=\"yoast-schema-graph\">{\"@context\":\"https:\\\/\\\/schema.org\",\"@graph\":[{\"@type\":\"Article\",\"@id\":\"https:\\\/\\\/realidadturistica.com\\\/realtur\\\/enjoy-travel-group-reafirma-su-compromiso-con-la-sostenibilidad-en-el-dia-mundial-del-medio-ambiente\\\/#article\",\"isPartOf\":{\"@id\":\"https:\\\/\\\/realidadturistica.com\\\/realtur\\\/enjoy-travel-group-reafirma-su-compromiso-con-la-sostenibilidad-en-el-dia-mundial-del-medio-ambiente\\\/\"},\"author\":{\"name\":\"Editor\",\"@id\":\"https:\\\/\\\/realidadturistica.com\\\/realtur\\\/#\\\/schema\\\/person\\\/ade671191202490fcf08ab21590de73e\"},\"headline\":\"Enjoy Travel Group reafirma su compromiso con la sostenibilidad en el D\u00eda Mundial del Medio Ambiente\",\"datePublished\":\"2025-06-05T19:08:08+00:00\",\"dateModified\":\"2025-06-05T19:08:10+00:00\",\"mainEntityOfPage\":{\"@id\":\"https:\\\/\\\/realidadturistica.com\\\/realtur\\\/enjoy-travel-group-reafirma-su-compromiso-con-la-sostenibilidad-en-el-dia-mundial-del-medio-ambiente\\\/\"},\"wordCount\":327,\"commentCount\":0,\"publisher\":{\"@id\":\"https:\\\/\\\/realidadturistica.com\\\/realtur\\\/#organization\"},\"image\":{\"@id\":\"https:\\\/\\\/realidadturistica.com\\\/realtur\\\/enjoy-travel-group-reafirma-su-compromiso-con-la-sostenibilidad-en-el-dia-mundial-del-medio-ambiente\\\/#primaryimage\"},\"thumbnailUrl\":\"https:\\\/\\\/realidadturistica.com\\\/realtur\\\/wp-content\\\/uploads\\\/2025\\\/06\\\/Enjoy-Travel-Group.jpg\",\"articleSection\":[\"Turismo\"],\"inLanguage\":\"es\",\"potentialAction\":[{\"@type\":\"CommentAction\",\"name\":\"Comment\",\"target\":[\"https:\\\/\\\/realidadturistica.com\\\/realtur\\\/enjoy-travel-group-reafirma-su-compromiso-con-la-sostenibilidad-en-el-dia-mundial-del-medio-ambiente\\\/#respond\"]}]},{\"@type\":\"WebPage\",\"@id\":\"https:\\\/\\\/realidadturistica.com\\\/realtur\\\/enjoy-travel-group-reafirma-su-compromiso-con-la-sostenibilidad-en-el-dia-mundial-del-medio-ambiente\\\/\",\"url\":\"https:\\\/\\\/realidadturistica.com\\\/realtur\\\/enjoy-travel-group-reafirma-su-compromiso-con-la-sostenibilidad-en-el-dia-mundial-del-medio-ambiente\\\/\",\"name\":\"Enjoy Travel Group reafirma su compromiso con la sostenibilidad en el D\u00eda Mundial del Medio Ambiente - Realidad Tur\u00edstica\",\"isPartOf\":{\"@id\":\"https:\\\/\\\/realidadturistica.com\\\/realtur\\\/#website\"},\"primaryImageOfPage\":{\"@id\":\"https:\\\/\\\/realidadturistica.com\\\/realtur\\\/enjoy-travel-group-reafirma-su-compromiso-con-la-sostenibilidad-en-el-dia-mundial-del-medio-ambiente\\\/#primaryimage\"},\"image\":{\"@id\":\"https:\\\/\\\/realidadturistica.com\\\/realtur\\\/enjoy-travel-group-reafirma-su-compromiso-con-la-sostenibilidad-en-el-dia-mundial-del-medio-ambiente\\\/#primaryimage\"},\"thumbnailUrl\":\"https:\\\/\\\/realidadturistica.com\\\/realtur\\\/wp-content\\\/uploads\\\/2025\\\/06\\\/Enjoy-Travel-Group.jpg\",\"datePublished\":\"2025-06-05T19:08:08+00:00\",\"dateModified\":\"2025-06-05T19:08:10+00:00\",\"breadcrumb\":{\"@id\":\"https:\\\/\\\/realidadturistica.com\\\/realtur\\\/enjoy-travel-group-reafirma-su-compromiso-con-la-sostenibilidad-en-el-dia-mundial-del-medio-ambiente\\\/#breadcrumb\"},\"inLanguage\":\"es\",\"potentialAction\":[{\"@type\":\"ReadAction\",\"target\":[\"https:\\\/\\\/realidadturistica.com\\\/realtur\\\/enjoy-travel-group-reafirma-su-compromiso-con-la-sostenibilidad-en-el-dia-mundial-del-medio-ambiente\\\/\"]}]},{\"@type\":\"ImageObject\",\"inLanguage\":\"es\",\"@id\":\"https:\\\/\\\/realidadturistica.com\\\/realtur\\\/enjoy-travel-group-reafirma-su-compromiso-con-la-sostenibilidad-en-el-dia-mundial-del-medio-ambiente\\\/#primaryimage\",\"url\":\"https:\\\/\\\/realidadturistica.com\\\/realtur\\\/wp-content\\\/uploads\\\/2025\\\/06\\\/Enjoy-Travel-Group.jpg\",\"contentUrl\":\"https:\\\/\\\/realidadturistica.com\\\/realtur\\\/wp-content\\\/uploads\\\/2025\\\/06\\\/Enjoy-Travel-Group.jpg\",\"width\":942,\"height\":1215},{\"@type\":\"BreadcrumbList\",\"@id\":\"https:\\\/\\\/realidadturistica.com\\\/realtur\\\/enjoy-travel-group-reafirma-su-compromiso-con-la-sostenibilidad-en-el-dia-mundial-del-medio-ambiente\\\/#breadcrumb\",\"itemListElement\":[{\"@type\":\"ListItem\",\"position\":1,\"name\":\"Portada\",\"item\":\"https:\\\/\\\/realidadturistica.com\\\/realtur\\\/\"},{\"@type\":\"ListItem\",\"position\":2,\"name\":\"Enjoy Travel Group reafirma su compromiso con la sostenibilidad en el D\u00eda Mundial del Medio Ambiente\"}]},{\"@type\":\"WebSite\",\"@id\":\"https:\\\/\\\/realidadturistica.com\\\/realtur\\\/#website\",\"url\":\"https:\\\/\\\/realidadturistica.com\\\/realtur\\\/\",\"name\":\"Realidad Tur\u00edstica\",\"description\":\"\",\"publisher\":{\"@id\":\"https:\\\/\\\/realidadturistica.com\\\/realtur\\\/#organization\"},\"potentialAction\":[{\"@type\":\"SearchAction\",\"target\":{\"@type\":\"EntryPoint\",\"urlTemplate\":\"https:\\\/\\\/realidadturistica.com\\\/realtur\\\/?s={search_term_string}\"},\"query-input\":{\"@type\":\"PropertyValueSpecification\",\"valueRequired\":true,\"valueName\":\"search_term_string\"}}],\"inLanguage\":\"es\"},{\"@type\":\"Organization\",\"@id\":\"https:\\\/\\\/realidadturistica.com\\\/realtur\\\/#organization\",\"name\":\"Realidad Tur\u00edstica\",\"url\":\"https:\\\/\\\/realidadturistica.com\\\/realtur\\\/\",\"logo\":{\"@type\":\"ImageObject\",\"inLanguage\":\"es\",\"@id\":\"https:\\\/\\\/realidadturistica.com\\\/realtur\\\/#\\\/schema\\\/logo\\\/image\\\/\",\"url\":\"https:\\\/\\\/realidadturistica.com\\\/realtur\\\/wp-content\\\/uploads\\\/2021\\\/12\\\/logotipo-realidad-turistica.png\",\"contentUrl\":\"https:\\\/\\\/realidadturistica.com\\\/realtur\\\/wp-content\\\/uploads\\\/2021\\\/12\\\/logotipo-realidad-turistica.png\",\"width\":1382,\"height\":629,\"caption\":\"Realidad Tur\u00edstica\"},\"image\":{\"@id\":\"https:\\\/\\\/realidadturistica.com\\\/realtur\\\/#\\\/schema\\\/logo\\\/image\\\/\"},\"sameAs\":[\"https:\\\/\\\/www.facebook.com\\\/realidadturistica\",\"https:\\\/\\\/www.instagram.com\\\/realidad_turistica\\\/\"]},{\"@type\":\"Person\",\"@id\":\"https:\\\/\\\/realidadturistica.com\\\/realtur\\\/#\\\/schema\\\/person\\\/ade671191202490fcf08ab21590de73e\",\"name\":\"Editor\",\"image\":{\"@type\":\"ImageObject\",\"inLanguage\":\"es\",\"@id\":\"https:\\\/\\\/realidadturistica.com\\\/realtur\\\/wp-content\\\/uploads\\\/2023\\\/09\\\/Editor_avatar_1693668634-96x96.png\",\"url\":\"https:\\\/\\\/realidadturistica.com\\\/realtur\\\/wp-content\\\/uploads\\\/2023\\\/09\\\/Editor_avatar_1693668634-96x96.png\",\"contentUrl\":\"https:\\\/\\\/realidadturistica.com\\\/realtur\\\/wp-content\\\/uploads\\\/2023\\\/09\\\/Editor_avatar_1693668634-96x96.png\",\"caption\":\"Editor\"},\"sameAs\":[\"https:\\\/\\\/realidadturistica.com\\\/realtur\"],\"url\":\"https:\\\/\\\/realidadturistica.com\\\/realtur\\\/author\\\/editor2\\\/\"}]}<\/script>\n<!-- \/ Yoast SEO Premium plugin. -->","yoast_head_json":{"title":"Enjoy Travel Group reafirma su compromiso con la sostenibilidad en el D\u00eda Mundial del Medio Ambiente - Realidad Tur\u00edstica","robots":{"index":"index","follow":"follow","max-snippet":"max-snippet:-1","max-image-preview":"max-image-preview:large","max-video-preview":"max-video-preview:-1"},"canonical":"https:\/\/realidadturistica.com\/realtur\/enjoy-travel-group-reafirma-su-compromiso-con-la-sostenibilidad-en-el-dia-mundial-del-medio-ambiente\/","og_locale":"es_ES","og_type":"article","og_title":"Enjoy Travel Group reafirma su compromiso con la sostenibilidad en el D\u00eda Mundial del Medio Ambiente","og_description":"En el marco del D\u00eda Mundial del Medio Ambiente, establecido por la Asamblea General de las Naciones Unidas en 1972 con el objetivo de promover&hellip;","og_url":"https:\/\/realidadturistica.com\/realtur\/enjoy-travel-group-reafirma-su-compromiso-con-la-sostenibilidad-en-el-dia-mundial-del-medio-ambiente\/","og_site_name":"Realidad Tur\u00edstica","article_publisher":"https:\/\/www.facebook.com\/realidadturistica","article_published_time":"2025-06-05T19:08:08+00:00","article_modified_time":"2025-06-05T19:08:10+00:00","og_image":[{"width":942,"height":1215,"url":"https:\/\/realidadturistica.com\/realtur\/wp-content\/uploads\/2025\/06\/Enjoy-Travel-Group.jpg","type":"image\/jpeg"}],"author":"Editor","twitter_card":"summary_large_image","twitter_misc":{"Escrito por":"Editor","Tiempo de lectura":"2 minutos"},"schema":{"@context":"https:\/\/schema.org","@graph":[{"@type":"Article","@id":"https:\/\/realidadturistica.com\/realtur\/enjoy-travel-group-reafirma-su-compromiso-con-la-sostenibilidad-en-el-dia-mundial-del-medio-ambiente\/#article","isPartOf":{"@id":"https:\/\/realidadturistica.com\/realtur\/enjoy-travel-group-reafirma-su-compromiso-con-la-sostenibilidad-en-el-dia-mundial-del-medio-ambiente\/"},"author":{"name":"Editor","@id":"https:\/\/realidadturistica.com\/realtur\/#\/schema\/person\/ade671191202490fcf08ab21590de73e"},"headline":"Enjoy Travel Group reafirma su compromiso con la sostenibilidad en el D\u00eda Mundial del Medio Ambiente","datePublished":"2025-06-05T19:08:08+00:00","dateModified":"2025-06-05T19:08:10+00:00","mainEntityOfPage":{"@id":"https:\/\/realidadturistica.com\/realtur\/enjoy-travel-group-reafirma-su-compromiso-con-la-sostenibilidad-en-el-dia-mundial-del-medio-ambiente\/"},"wordCount":327,"commentCount":0,"publisher":{"@id":"https:\/\/realidadturistica.com\/realtur\/#organization"},"image":{"@id":"https:\/\/realidadturistica.com\/realtur\/enjoy-travel-group-reafirma-su-compromiso-con-la-sostenibilidad-en-el-dia-mundial-del-medio-ambiente\/#primaryimage"},"thumbnailUrl":"https:\/\/realidadturistica.com\/realtur\/wp-content\/uploads\/2025\/06\/Enjoy-Travel-Group.jpg","articleSection":["Turismo"],"inLanguage":"es","potentialAction":[{"@type":"CommentAction","name":"Comment","target":["https:\/\/realidadturistica.com\/realtur\/enjoy-travel-group-reafirma-su-compromiso-con-la-sostenibilidad-en-el-dia-mundial-del-medio-ambiente\/#respond"]}]},{"@type":"WebPage","@id":"https:\/\/realidadturistica.com\/realtur\/enjoy-travel-group-reafirma-su-compromiso-con-la-sostenibilidad-en-el-dia-mundial-del-medio-ambiente\/","url":"https:\/\/realidadturistica.com\/realtur\/enjoy-travel-group-reafirma-su-compromiso-con-la-sostenibilidad-en-el-dia-mundial-del-medio-ambiente\/","name":"Enjoy Travel Group reafirma su compromiso con la sostenibilidad en el D\u00eda Mundial del Medio Ambiente - Realidad Tur\u00edstica","isPartOf":{"@id":"https:\/\/realidadturistica.com\/realtur\/#website"},"primaryImageOfPage":{"@id":"https:\/\/realidadturistica.com\/realtur\/enjoy-travel-group-reafirma-su-compromiso-con-la-sostenibilidad-en-el-dia-mundial-del-medio-ambiente\/#primaryimage"},"image":{"@id":"https:\/\/realidadturistica.com\/realtur\/enjoy-travel-group-reafirma-su-compromiso-con-la-sostenibilidad-en-el-dia-mundial-del-medio-ambiente\/#primaryimage"},"thumbnailUrl":"https:\/\/realidadturistica.com\/realtur\/wp-content\/uploads\/2025\/06\/Enjoy-Travel-Group.jpg","datePublished":"2025-06-05T19:08:08+00:00","dateModified":"2025-06-05T19:08:10+00:00","breadcrumb":{"@id":"https:\/\/realidadturistica.com\/realtur\/enjoy-travel-group-reafirma-su-compromiso-con-la-sostenibilidad-en-el-dia-mundial-del-medio-ambiente\/#breadcrumb"},"inLanguage":"es","potentialAction":[{"@type":"ReadAction","target":["https:\/\/realidadturistica.com\/realtur\/enjoy-travel-group-reafirma-su-compromiso-con-la-sostenibilidad-en-el-dia-mundial-del-medio-ambiente\/"]}]},{"@type":"ImageObject","inLanguage":"es","@id":"https:\/\/realidadturistica.com\/realtur\/enjoy-travel-group-reafirma-su-compromiso-con-la-sostenibilidad-en-el-dia-mundial-del-medio-ambiente\/#primaryimage","url":"https:\/\/realidadturistica.com\/realtur\/wp-content\/uploads\/2025\/06\/Enjoy-Travel-Group.jpg","contentUrl":"https:\/\/realidadturistica.com\/realtur\/wp-content\/uploads\/2025\/06\/Enjoy-Travel-Group.jpg","width":942,"height":1215},{"@type":"BreadcrumbList","@id":"https:\/\/realidadturistica.com\/realtur\/enjoy-travel-group-reafirma-su-compromiso-con-la-sostenibilidad-en-el-dia-mundial-del-medio-ambiente\/#breadcrumb","itemListElement":[{"@type":"ListItem","position":1,"name":"Portada","item":"https:\/\/realidadturistica.com\/realtur\/"},{"@type":"ListItem","position":2,"name":"Enjoy Travel Group reafirma su compromiso con la sostenibilidad en el D\u00eda Mundial del Medio Ambiente"}]},{"@type":"WebSite","@id":"https:\/\/realidadturistica.com\/realtur\/#website","url":"https:\/\/realidadturistica.com\/realtur\/","name":"Realidad Tur\u00edstica","description":"","publisher":{"@id":"https:\/\/realidadturistica.com\/realtur\/#organization"},"potentialAction":[{"@type":"SearchAction","target":{"@type":"EntryPoint","urlTemplate":"https:\/\/realidadturistica.com\/realtur\/?s={search_term_string}"},"query-input":{"@type":"PropertyValueSpecification","valueRequired":true,"valueName":"search_term_string"}}],"inLanguage":"es"},{"@type":"Organization","@id":"https:\/\/realidadturistica.com\/realtur\/#organization","name":"Realidad Tur\u00edstica","url":"https:\/\/realidadturistica.com\/realtur\/","logo":{"@type":"ImageObject","inLanguage":"es","@id":"https:\/\/realidadturistica.com\/realtur\/#\/schema\/logo\/image\/","url":"https:\/\/realidadturistica.com\/realtur\/wp-content\/uploads\/2021\/12\/logotipo-realidad-turistica.png","contentUrl":"https:\/\/realidadturistica.com\/realtur\/wp-content\/uploads\/2021\/12\/logotipo-realidad-turistica.png","width":1382,"height":629,"caption":"Realidad Tur\u00edstica"},"image":{"@id":"https:\/\/realidadturistica.com\/realtur\/#\/schema\/logo\/image\/"},"sameAs":["https:\/\/www.facebook.com\/realidadturistica","https:\/\/www.instagram.com\/realidad_turistica\/"]},{"@type":"Person","@id":"https:\/\/realidadturistica.com\/realtur\/#\/schema\/person\/ade671191202490fcf08ab21590de73e","name":"Editor","image":{"@type":"ImageObject","inLanguage":"es","@id":"https:\/\/realidadturistica.com\/realtur\/wp-content\/uploads\/2023\/09\/Editor_avatar_1693668634-96x96.png","url":"https:\/\/realidadturistica.com\/realtur\/wp-content\/uploads\/2023\/09\/Editor_avatar_1693668634-96x96.png","contentUrl":"https:\/\/realidadturistica.com\/realtur\/wp-content\/uploads\/2023\/09\/Editor_avatar_1693668634-96x96.png","caption":"Editor"},"sameAs":["https:\/\/realidadturistica.com\/realtur"],"url":"https:\/\/realidadturistica.com\/realtur\/author\/editor2\/"}]}},"_links":{"self":[{"href":"https:\/\/realidadturistica.com\/realtur\/wp-json\/wp\/v2\/posts\/9977","targetHints":{"allow":["GET"]}}],"collection":[{"href":"https:\/\/realidadturistica.com\/realtur\/wp-json\/wp\/v2\/posts"}],"about":[{"href":"https:\/\/realidadturistica.com\/realtur\/wp-json\/wp\/v2\/types\/post"}],"author":[{"embeddable":true,"href":"https:\/\/realidadturistica.com\/realtur\/wp-json\/wp\/v2\/users\/2"}],"replies":[{"embeddable":true,"href":"https:\/\/realidadturistica.com\/realtur\/wp-json\/wp\/v2\/comments?post=9977"}],"version-history":[{"count":1,"href":"https:\/\/realidadturistica.com\/realtur\/wp-json\/wp\/v2\/posts\/9977\/revisions"}],"predecessor-version":[{"id":9979,"href":"https:\/\/realidadturistica.com\/realtur\/wp-json\/wp\/v2\/posts\/9977\/revisions\/9979"}],"wp:featuredmedia":[{"embeddable":true,"href":"https:\/\/realidadturistica.com\/realtur\/wp-json\/wp\/v2\/media\/9978"}],"wp:attachment":[{"href":"https:\/\/realidadturistica.com\/realtur\/wp-json\/wp\/v2\/media?parent=9977"}],"wp:term":[{"taxonomy":"category","embeddable":true,"href":"https:\/\/realidadturistica.com\/realtur\/wp-json\/wp\/v2\/categories?post=9977"},{"taxonomy":"post_tag","embeddable":true,"href":"https:\/\/realidadturistica.com\/realtur\/wp-json\/wp\/v2\/tags?post=9977"}],"curies":[{"name":"wp","href":"https:\/\/api.w.org\/{rel}","templated":true}]}}