{"id":9989,"date":"2025-06-09T05:40:01","date_gmt":"2025-06-09T05:40:01","guid":{"rendered":"https:\/\/realidadturistica.com\/realtur\/?p=9989"},"modified":"2025-06-09T05:40:06","modified_gmt":"2025-06-09T05:40:06","slug":"alianza-entre-siranda-group-de-merida-mochibusito-travel-de-guatemala-y-tag-airlines-busca-fortalecer-el-turismo-entre-las-dos-ciudades","status":"publish","type":"post","link":"https:\/\/realidadturistica.com\/realtur\/alianza-entre-siranda-group-de-merida-mochibusito-travel-de-guatemala-y-tag-airlines-busca-fortalecer-el-turismo-entre-las-dos-ciudades\/","title":{"rendered":"Alianza entre Siranda Group de M\u00e9rida, Mochibusito Travel de Guatemala y Tag Airlines busca fortalecer el turismo entre las dos ciudades"},"content":{"rendered":"\n<p>M\u00e9rida. Con la presencia de directivos de la aerol\u00ednea Tag y autoridades tur\u00edsticas de Yucat\u00e1n se present\u00f3 este viernes 6 de junio en el Hotel Aken Mind M\u00e9rida la alianza entre Siranda Group Tour de M\u00e9rida y Mochibusito Travel de Guatemala que busca fortalecer el turismo entre Guatemala y M\u00e9rida con vuelos regulares de Tag Airlines.<\/p>\n\n\n\n<p>Ana Laura Ara, ejecutiva de Siranda Group Tour de M\u00e9rida destac\u00f3 la importancia de esta nueva alianza, con nuevas oportunidades tur\u00edsticas a partir de las condiciones y posibilidades que tienen ambas ciudades.<\/p>\n\n\n\n<p>Oscar Gir\u00f3n, director de Ventas de Tag Airlines explic\u00f3 que la apertura de esta ruta constituye un paso importante para el desarrollo tur\u00edstico de la regi\u00f3n, pues a partir de las conexiones regionales que tiene la aerol\u00ednea se pudiera desarrollar el multidestino ofreciendo a los visitantes la posibilidad de visitar M\u00e9rida. Gir\u00f3n expuso sus impresiones sobre las fortalezas que tiene esta ciudad para el desarrollo tur\u00edstico y para el \u00e9xito de este nuevo proyecto.<\/p>\n\n\n\n<p>Tag Airlines iniciar\u00e1 con tres frecuencias semanales (lunes, mi\u00e9rcoles y s\u00e1bados), previendo que en un futuro pr\u00f3ximo se pueda establecer una ruta diaria. La salida ser\u00e1 desde Ciudad Guatemala y los precios oscilan entre 299 y 499 d\u00f3lares en vuelo redondo. La operaci\u00f3n se realizar\u00e1 en aviones ATR-72, con todas las condiciones para ofrecer un vuelo seguro y placentero.<\/p>\n\n\n\n<p>Por su parte Christian Cabrera, de Mochibusito Travel de Guatemala, dijo sentirse muy impresionado por lo que ha encontrado en M\u00e9rida, patentizando la importancia de fortalecer el turismo entre ambas ciudades, con circuitos y visitas a lugares que sin duda ser\u00e1n del agrado de los visitantes.<\/p>\n\n\n\n<figure class=\"wp-block-image size-large\"><img fetchpriority=\"high\" decoding=\"async\" width=\"1024\" height=\"461\" src=\"https:\/\/realidadturistica.com\/realtur\/wp-content\/uploads\/2025\/06\/20250606_090908-1024x461.jpg\" alt=\"\" class=\"wp-image-9991\" srcset=\"https:\/\/realidadturistica.com\/realtur\/wp-content\/uploads\/2025\/06\/20250606_090908-1024x461.jpg 1024w, https:\/\/realidadturistica.com\/realtur\/wp-content\/uploads\/2025\/06\/20250606_090908-300x135.jpg 300w, https:\/\/realidadturistica.com\/realtur\/wp-content\/uploads\/2025\/06\/20250606_090908-768x346.jpg 768w, https:\/\/realidadturistica.com\/realtur\/wp-content\/uploads\/2025\/06\/20250606_090908-1536x691.jpg 1536w, https:\/\/realidadturistica.com\/realtur\/wp-content\/uploads\/2025\/06\/20250606_090908-2048x922.jpg 2048w, https:\/\/realidadturistica.com\/realtur\/wp-content\/uploads\/2025\/06\/20250606_090908-1920x864.jpg 1920w, https:\/\/realidadturistica.com\/realtur\/wp-content\/uploads\/2025\/06\/20250606_090908-1170x527.jpg 1170w, https:\/\/realidadturistica.com\/realtur\/wp-content\/uploads\/2025\/06\/20250606_090908-585x263.jpg 585w\" sizes=\"(max-width: 1024px) 100vw, 1024px\" \/><\/figure>\n\n\n\n<p>La estancia en M\u00e9rida ser\u00e1 en el Hotel Aken Mind, que cuenta con 136 habitaciones y servicios muy competitivos. Jessica Cruz, ejecutiva de esta instalaci\u00f3n hotelera expres\u00f3 su satisfacci\u00f3n por haber sido escogidos para esta operaci\u00f3n tur\u00edstica, reiterando que todo se encuentra listo para ofrecer un servicio de excelencia y recibir a los visitantes que escojan a M\u00e9rida como destino tur\u00edstico.<\/p>\n\n\n\n<p>Estuvo presente en este lanzamiento la Lic. Addy P\u00e9rez, directora de Relaciones P\u00fablicas de Sefotur, Sheila Jim\u00e9nez, de City Express Plus, adem\u00e1s de la prensa invitada.<\/p>\n\n\n\n<p>Realidad Tur\u00edstica<\/p>\n","protected":false},"excerpt":{"rendered":"<p>M\u00e9rida. Con la presencia de directivos de la aerol\u00ednea Tag y autoridades tur\u00edsticas de Yucat\u00e1n se present\u00f3 este viernes 6 de junio en el Hotel&hellip;<\/p>\n","protected":false},"author":2,"featured_media":9990,"comment_status":"open","ping_status":"closed","sticky":false,"template":"","format":"standard","meta":{"content-type":"","_lmt_disableupdate":"","_lmt_disable":"","footnotes":""},"categories":[4],"tags":[],"class_list":["post-9989","post","type-post","status-publish","format-standard","has-post-thumbnail","hentry","category-destinos"],"yoast_head":"<!-- This site is optimized with the Yoast SEO Premium plugin v27.4 (Yoast SEO v27.4) - https:\/\/yoast.com\/product\/yoast-seo-premium-wordpress\/ -->\n<title>Alianza entre Siranda Group de M\u00e9rida, Mochibusito Travel de Guatemala y Tag Airlines busca fortalecer el turismo entre las dos ciudades - Realidad Tur\u00edstica<\/title>\n<meta name=\"robots\" content=\"index, follow, max-snippet:-1, max-image-preview:large, max-video-preview:-1\" \/>\n<link rel=\"canonical\" href=\"https:\/\/realidadturistica.com\/realtur\/alianza-entre-siranda-group-de-merida-mochibusito-travel-de-guatemala-y-tag-airlines-busca-fortalecer-el-turismo-entre-las-dos-ciudades\/\" \/>\n<meta property=\"og:locale\" content=\"es_ES\" \/>\n<meta property=\"og:type\" content=\"article\" \/>\n<meta property=\"og:title\" content=\"Alianza entre Siranda Group de M\u00e9rida, Mochibusito Travel de Guatemala y Tag Airlines busca fortalecer el turismo entre las dos ciudades\" \/>\n<meta property=\"og:description\" content=\"M\u00e9rida. Con la presencia de directivos de la aerol\u00ednea Tag y autoridades tur\u00edsticas de Yucat\u00e1n se present\u00f3 este viernes 6 de junio en el Hotel&hellip;\" \/>\n<meta property=\"og:url\" content=\"https:\/\/realidadturistica.com\/realtur\/alianza-entre-siranda-group-de-merida-mochibusito-travel-de-guatemala-y-tag-airlines-busca-fortalecer-el-turismo-entre-las-dos-ciudades\/\" \/>\n<meta property=\"og:site_name\" content=\"Realidad Tur\u00edstica\" \/>\n<meta property=\"article:publisher\" content=\"https:\/\/www.facebook.com\/realidadturistica\" \/>\n<meta property=\"article:published_time\" content=\"2025-06-09T05:40:01+00:00\" \/>\n<meta property=\"article:modified_time\" content=\"2025-06-09T05:40:06+00:00\" \/>\n<meta property=\"og:image\" content=\"https:\/\/realidadturistica.com\/realtur\/wp-content\/uploads\/2025\/06\/20250606_100222-1-scaled.jpg\" \/>\n\t<meta property=\"og:image:width\" content=\"2560\" \/>\n\t<meta property=\"og:image:height\" content=\"1152\" \/>\n\t<meta property=\"og:image:type\" content=\"image\/jpeg\" \/>\n<meta name=\"author\" content=\"Editor\" \/>\n<meta name=\"twitter:card\" content=\"summary_large_image\" \/>\n<meta name=\"twitter:label1\" content=\"Escrito por\" \/>\n\t<meta name=\"twitter:data1\" content=\"Editor\" \/>\n\t<meta name=\"twitter:label2\" content=\"Tiempo de lectura\" \/>\n\t<meta name=\"twitter:data2\" content=\"3 minutos\" \/>\n<script type=\"application\/ld+json\" class=\"yoast-schema-graph\">{\"@context\":\"https:\\\/\\\/schema.org\",\"@graph\":[{\"@type\":\"Article\",\"@id\":\"https:\\\/\\\/realidadturistica.com\\\/realtur\\\/alianza-entre-siranda-group-de-merida-mochibusito-travel-de-guatemala-y-tag-airlines-busca-fortalecer-el-turismo-entre-las-dos-ciudades\\\/#article\",\"isPartOf\":{\"@id\":\"https:\\\/\\\/realidadturistica.com\\\/realtur\\\/alianza-entre-siranda-group-de-merida-mochibusito-travel-de-guatemala-y-tag-airlines-busca-fortalecer-el-turismo-entre-las-dos-ciudades\\\/\"},\"author\":{\"name\":\"Editor\",\"@id\":\"https:\\\/\\\/realidadturistica.com\\\/realtur\\\/#\\\/schema\\\/person\\\/ade671191202490fcf08ab21590de73e\"},\"headline\":\"Alianza entre Siranda Group de M\u00e9rida, Mochibusito Travel de Guatemala y Tag Airlines busca fortalecer el turismo entre las dos ciudades\",\"datePublished\":\"2025-06-09T05:40:01+00:00\",\"dateModified\":\"2025-06-09T05:40:06+00:00\",\"mainEntityOfPage\":{\"@id\":\"https:\\\/\\\/realidadturistica.com\\\/realtur\\\/alianza-entre-siranda-group-de-merida-mochibusito-travel-de-guatemala-y-tag-airlines-busca-fortalecer-el-turismo-entre-las-dos-ciudades\\\/\"},\"wordCount\":409,\"commentCount\":0,\"publisher\":{\"@id\":\"https:\\\/\\\/realidadturistica.com\\\/realtur\\\/#organization\"},\"image\":{\"@id\":\"https:\\\/\\\/realidadturistica.com\\\/realtur\\\/alianza-entre-siranda-group-de-merida-mochibusito-travel-de-guatemala-y-tag-airlines-busca-fortalecer-el-turismo-entre-las-dos-ciudades\\\/#primaryimage\"},\"thumbnailUrl\":\"https:\\\/\\\/realidadturistica.com\\\/realtur\\\/wp-content\\\/uploads\\\/2025\\\/06\\\/20250606_100222-1-scaled.jpg\",\"articleSection\":[\"Destinos M\u00e1gicos\"],\"inLanguage\":\"es\",\"potentialAction\":[{\"@type\":\"CommentAction\",\"name\":\"Comment\",\"target\":[\"https:\\\/\\\/realidadturistica.com\\\/realtur\\\/alianza-entre-siranda-group-de-merida-mochibusito-travel-de-guatemala-y-tag-airlines-busca-fortalecer-el-turismo-entre-las-dos-ciudades\\\/#respond\"]}]},{\"@type\":\"WebPage\",\"@id\":\"https:\\\/\\\/realidadturistica.com\\\/realtur\\\/alianza-entre-siranda-group-de-merida-mochibusito-travel-de-guatemala-y-tag-airlines-busca-fortalecer-el-turismo-entre-las-dos-ciudades\\\/\",\"url\":\"https:\\\/\\\/realidadturistica.com\\\/realtur\\\/alianza-entre-siranda-group-de-merida-mochibusito-travel-de-guatemala-y-tag-airlines-busca-fortalecer-el-turismo-entre-las-dos-ciudades\\\/\",\"name\":\"Alianza entre Siranda Group de M\u00e9rida, Mochibusito Travel de Guatemala y Tag Airlines busca fortalecer el turismo entre las dos ciudades - Realidad Tur\u00edstica\",\"isPartOf\":{\"@id\":\"https:\\\/\\\/realidadturistica.com\\\/realtur\\\/#website\"},\"primaryImageOfPage\":{\"@id\":\"https:\\\/\\\/realidadturistica.com\\\/realtur\\\/alianza-entre-siranda-group-de-merida-mochibusito-travel-de-guatemala-y-tag-airlines-busca-fortalecer-el-turismo-entre-las-dos-ciudades\\\/#primaryimage\"},\"image\":{\"@id\":\"https:\\\/\\\/realidadturistica.com\\\/realtur\\\/alianza-entre-siranda-group-de-merida-mochibusito-travel-de-guatemala-y-tag-airlines-busca-fortalecer-el-turismo-entre-las-dos-ciudades\\\/#primaryimage\"},\"thumbnailUrl\":\"https:\\\/\\\/realidadturistica.com\\\/realtur\\\/wp-content\\\/uploads\\\/2025\\\/06\\\/20250606_100222-1-scaled.jpg\",\"datePublished\":\"2025-06-09T05:40:01+00:00\",\"dateModified\":\"2025-06-09T05:40:06+00:00\",\"breadcrumb\":{\"@id\":\"https:\\\/\\\/realidadturistica.com\\\/realtur\\\/alianza-entre-siranda-group-de-merida-mochibusito-travel-de-guatemala-y-tag-airlines-busca-fortalecer-el-turismo-entre-las-dos-ciudades\\\/#breadcrumb\"},\"inLanguage\":\"es\",\"potentialAction\":[{\"@type\":\"ReadAction\",\"target\":[\"https:\\\/\\\/realidadturistica.com\\\/realtur\\\/alianza-entre-siranda-group-de-merida-mochibusito-travel-de-guatemala-y-tag-airlines-busca-fortalecer-el-turismo-entre-las-dos-ciudades\\\/\"]}]},{\"@type\":\"ImageObject\",\"inLanguage\":\"es\",\"@id\":\"https:\\\/\\\/realidadturistica.com\\\/realtur\\\/alianza-entre-siranda-group-de-merida-mochibusito-travel-de-guatemala-y-tag-airlines-busca-fortalecer-el-turismo-entre-las-dos-ciudades\\\/#primaryimage\",\"url\":\"https:\\\/\\\/realidadturistica.com\\\/realtur\\\/wp-content\\\/uploads\\\/2025\\\/06\\\/20250606_100222-1-scaled.jpg\",\"contentUrl\":\"https:\\\/\\\/realidadturistica.com\\\/realtur\\\/wp-content\\\/uploads\\\/2025\\\/06\\\/20250606_100222-1-scaled.jpg\",\"width\":2560,\"height\":1152},{\"@type\":\"BreadcrumbList\",\"@id\":\"https:\\\/\\\/realidadturistica.com\\\/realtur\\\/alianza-entre-siranda-group-de-merida-mochibusito-travel-de-guatemala-y-tag-airlines-busca-fortalecer-el-turismo-entre-las-dos-ciudades\\\/#breadcrumb\",\"itemListElement\":[{\"@type\":\"ListItem\",\"position\":1,\"name\":\"Portada\",\"item\":\"https:\\\/\\\/realidadturistica.com\\\/realtur\\\/\"},{\"@type\":\"ListItem\",\"position\":2,\"name\":\"Alianza entre Siranda Group de M\u00e9rida, Mochibusito Travel de Guatemala y Tag Airlines busca fortalecer el turismo entre las dos ciudades\"}]},{\"@type\":\"WebSite\",\"@id\":\"https:\\\/\\\/realidadturistica.com\\\/realtur\\\/#website\",\"url\":\"https:\\\/\\\/realidadturistica.com\\\/realtur\\\/\",\"name\":\"Realidad Tur\u00edstica\",\"description\":\"\",\"publisher\":{\"@id\":\"https:\\\/\\\/realidadturistica.com\\\/realtur\\\/#organization\"},\"potentialAction\":[{\"@type\":\"SearchAction\",\"target\":{\"@type\":\"EntryPoint\",\"urlTemplate\":\"https:\\\/\\\/realidadturistica.com\\\/realtur\\\/?s={search_term_string}\"},\"query-input\":{\"@type\":\"PropertyValueSpecification\",\"valueRequired\":true,\"valueName\":\"search_term_string\"}}],\"inLanguage\":\"es\"},{\"@type\":\"Organization\",\"@id\":\"https:\\\/\\\/realidadturistica.com\\\/realtur\\\/#organization\",\"name\":\"Realidad Tur\u00edstica\",\"url\":\"https:\\\/\\\/realidadturistica.com\\\/realtur\\\/\",\"logo\":{\"@type\":\"ImageObject\",\"inLanguage\":\"es\",\"@id\":\"https:\\\/\\\/realidadturistica.com\\\/realtur\\\/#\\\/schema\\\/logo\\\/image\\\/\",\"url\":\"https:\\\/\\\/realidadturistica.com\\\/realtur\\\/wp-content\\\/uploads\\\/2021\\\/12\\\/logotipo-realidad-turistica.png\",\"contentUrl\":\"https:\\\/\\\/realidadturistica.com\\\/realtur\\\/wp-content\\\/uploads\\\/2021\\\/12\\\/logotipo-realidad-turistica.png\",\"width\":1382,\"height\":629,\"caption\":\"Realidad Tur\u00edstica\"},\"image\":{\"@id\":\"https:\\\/\\\/realidadturistica.com\\\/realtur\\\/#\\\/schema\\\/logo\\\/image\\\/\"},\"sameAs\":[\"https:\\\/\\\/www.facebook.com\\\/realidadturistica\",\"https:\\\/\\\/www.instagram.com\\\/realidad_turistica\\\/\"]},{\"@type\":\"Person\",\"@id\":\"https:\\\/\\\/realidadturistica.com\\\/realtur\\\/#\\\/schema\\\/person\\\/ade671191202490fcf08ab21590de73e\",\"name\":\"Editor\",\"image\":{\"@type\":\"ImageObject\",\"inLanguage\":\"es\",\"@id\":\"https:\\\/\\\/realidadturistica.com\\\/realtur\\\/wp-content\\\/uploads\\\/2023\\\/09\\\/Editor_avatar_1693668634-96x96.png\",\"url\":\"https:\\\/\\\/realidadturistica.com\\\/realtur\\\/wp-content\\\/uploads\\\/2023\\\/09\\\/Editor_avatar_1693668634-96x96.png\",\"contentUrl\":\"https:\\\/\\\/realidadturistica.com\\\/realtur\\\/wp-content\\\/uploads\\\/2023\\\/09\\\/Editor_avatar_1693668634-96x96.png\",\"caption\":\"Editor\"},\"sameAs\":[\"https:\\\/\\\/realidadturistica.com\\\/realtur\"],\"url\":\"https:\\\/\\\/realidadturistica.com\\\/realtur\\\/author\\\/editor2\\\/\"}]}<\/script>\n<!-- \/ Yoast SEO Premium plugin. -->","yoast_head_json":{"title":"Alianza entre Siranda Group de M\u00e9rida, Mochibusito Travel de Guatemala y Tag Airlines busca fortalecer el turismo entre las dos ciudades - Realidad Tur\u00edstica","robots":{"index":"index","follow":"follow","max-snippet":"max-snippet:-1","max-image-preview":"max-image-preview:large","max-video-preview":"max-video-preview:-1"},"canonical":"https:\/\/realidadturistica.com\/realtur\/alianza-entre-siranda-group-de-merida-mochibusito-travel-de-guatemala-y-tag-airlines-busca-fortalecer-el-turismo-entre-las-dos-ciudades\/","og_locale":"es_ES","og_type":"article","og_title":"Alianza entre Siranda Group de M\u00e9rida, Mochibusito Travel de Guatemala y Tag Airlines busca fortalecer el turismo entre las dos ciudades","og_description":"M\u00e9rida. Con la presencia de directivos de la aerol\u00ednea Tag y autoridades tur\u00edsticas de Yucat\u00e1n se present\u00f3 este viernes 6 de junio en el Hotel&hellip;","og_url":"https:\/\/realidadturistica.com\/realtur\/alianza-entre-siranda-group-de-merida-mochibusito-travel-de-guatemala-y-tag-airlines-busca-fortalecer-el-turismo-entre-las-dos-ciudades\/","og_site_name":"Realidad Tur\u00edstica","article_publisher":"https:\/\/www.facebook.com\/realidadturistica","article_published_time":"2025-06-09T05:40:01+00:00","article_modified_time":"2025-06-09T05:40:06+00:00","og_image":[{"width":2560,"height":1152,"url":"https:\/\/realidadturistica.com\/realtur\/wp-content\/uploads\/2025\/06\/20250606_100222-1-scaled.jpg","type":"image\/jpeg"}],"author":"Editor","twitter_card":"summary_large_image","twitter_misc":{"Escrito por":"Editor","Tiempo de lectura":"3 minutos"},"schema":{"@context":"https:\/\/schema.org","@graph":[{"@type":"Article","@id":"https:\/\/realidadturistica.com\/realtur\/alianza-entre-siranda-group-de-merida-mochibusito-travel-de-guatemala-y-tag-airlines-busca-fortalecer-el-turismo-entre-las-dos-ciudades\/#article","isPartOf":{"@id":"https:\/\/realidadturistica.com\/realtur\/alianza-entre-siranda-group-de-merida-mochibusito-travel-de-guatemala-y-tag-airlines-busca-fortalecer-el-turismo-entre-las-dos-ciudades\/"},"author":{"name":"Editor","@id":"https:\/\/realidadturistica.com\/realtur\/#\/schema\/person\/ade671191202490fcf08ab21590de73e"},"headline":"Alianza entre Siranda Group de M\u00e9rida, Mochibusito Travel de Guatemala y Tag Airlines busca fortalecer el turismo entre las dos ciudades","datePublished":"2025-06-09T05:40:01+00:00","dateModified":"2025-06-09T05:40:06+00:00","mainEntityOfPage":{"@id":"https:\/\/realidadturistica.com\/realtur\/alianza-entre-siranda-group-de-merida-mochibusito-travel-de-guatemala-y-tag-airlines-busca-fortalecer-el-turismo-entre-las-dos-ciudades\/"},"wordCount":409,"commentCount":0,"publisher":{"@id":"https:\/\/realidadturistica.com\/realtur\/#organization"},"image":{"@id":"https:\/\/realidadturistica.com\/realtur\/alianza-entre-siranda-group-de-merida-mochibusito-travel-de-guatemala-y-tag-airlines-busca-fortalecer-el-turismo-entre-las-dos-ciudades\/#primaryimage"},"thumbnailUrl":"https:\/\/realidadturistica.com\/realtur\/wp-content\/uploads\/2025\/06\/20250606_100222-1-scaled.jpg","articleSection":["Destinos M\u00e1gicos"],"inLanguage":"es","potentialAction":[{"@type":"CommentAction","name":"Comment","target":["https:\/\/realidadturistica.com\/realtur\/alianza-entre-siranda-group-de-merida-mochibusito-travel-de-guatemala-y-tag-airlines-busca-fortalecer-el-turismo-entre-las-dos-ciudades\/#respond"]}]},{"@type":"WebPage","@id":"https:\/\/realidadturistica.com\/realtur\/alianza-entre-siranda-group-de-merida-mochibusito-travel-de-guatemala-y-tag-airlines-busca-fortalecer-el-turismo-entre-las-dos-ciudades\/","url":"https:\/\/realidadturistica.com\/realtur\/alianza-entre-siranda-group-de-merida-mochibusito-travel-de-guatemala-y-tag-airlines-busca-fortalecer-el-turismo-entre-las-dos-ciudades\/","name":"Alianza entre Siranda Group de M\u00e9rida, Mochibusito Travel de Guatemala y Tag Airlines busca fortalecer el turismo entre las dos ciudades - Realidad Tur\u00edstica","isPartOf":{"@id":"https:\/\/realidadturistica.com\/realtur\/#website"},"primaryImageOfPage":{"@id":"https:\/\/realidadturistica.com\/realtur\/alianza-entre-siranda-group-de-merida-mochibusito-travel-de-guatemala-y-tag-airlines-busca-fortalecer-el-turismo-entre-las-dos-ciudades\/#primaryimage"},"image":{"@id":"https:\/\/realidadturistica.com\/realtur\/alianza-entre-siranda-group-de-merida-mochibusito-travel-de-guatemala-y-tag-airlines-busca-fortalecer-el-turismo-entre-las-dos-ciudades\/#primaryimage"},"thumbnailUrl":"https:\/\/realidadturistica.com\/realtur\/wp-content\/uploads\/2025\/06\/20250606_100222-1-scaled.jpg","datePublished":"2025-06-09T05:40:01+00:00","dateModified":"2025-06-09T05:40:06+00:00","breadcrumb":{"@id":"https:\/\/realidadturistica.com\/realtur\/alianza-entre-siranda-group-de-merida-mochibusito-travel-de-guatemala-y-tag-airlines-busca-fortalecer-el-turismo-entre-las-dos-ciudades\/#breadcrumb"},"inLanguage":"es","potentialAction":[{"@type":"ReadAction","target":["https:\/\/realidadturistica.com\/realtur\/alianza-entre-siranda-group-de-merida-mochibusito-travel-de-guatemala-y-tag-airlines-busca-fortalecer-el-turismo-entre-las-dos-ciudades\/"]}]},{"@type":"ImageObject","inLanguage":"es","@id":"https:\/\/realidadturistica.com\/realtur\/alianza-entre-siranda-group-de-merida-mochibusito-travel-de-guatemala-y-tag-airlines-busca-fortalecer-el-turismo-entre-las-dos-ciudades\/#primaryimage","url":"https:\/\/realidadturistica.com\/realtur\/wp-content\/uploads\/2025\/06\/20250606_100222-1-scaled.jpg","contentUrl":"https:\/\/realidadturistica.com\/realtur\/wp-content\/uploads\/2025\/06\/20250606_100222-1-scaled.jpg","width":2560,"height":1152},{"@type":"BreadcrumbList","@id":"https:\/\/realidadturistica.com\/realtur\/alianza-entre-siranda-group-de-merida-mochibusito-travel-de-guatemala-y-tag-airlines-busca-fortalecer-el-turismo-entre-las-dos-ciudades\/#breadcrumb","itemListElement":[{"@type":"ListItem","position":1,"name":"Portada","item":"https:\/\/realidadturistica.com\/realtur\/"},{"@type":"ListItem","position":2,"name":"Alianza entre Siranda Group de M\u00e9rida, Mochibusito Travel de Guatemala y Tag Airlines busca fortalecer el turismo entre las dos ciudades"}]},{"@type":"WebSite","@id":"https:\/\/realidadturistica.com\/realtur\/#website","url":"https:\/\/realidadturistica.com\/realtur\/","name":"Realidad Tur\u00edstica","description":"","publisher":{"@id":"https:\/\/realidadturistica.com\/realtur\/#organization"},"potentialAction":[{"@type":"SearchAction","target":{"@type":"EntryPoint","urlTemplate":"https:\/\/realidadturistica.com\/realtur\/?s={search_term_string}"},"query-input":{"@type":"PropertyValueSpecification","valueRequired":true,"valueName":"search_term_string"}}],"inLanguage":"es"},{"@type":"Organization","@id":"https:\/\/realidadturistica.com\/realtur\/#organization","name":"Realidad Tur\u00edstica","url":"https:\/\/realidadturistica.com\/realtur\/","logo":{"@type":"ImageObject","inLanguage":"es","@id":"https:\/\/realidadturistica.com\/realtur\/#\/schema\/logo\/image\/","url":"https:\/\/realidadturistica.com\/realtur\/wp-content\/uploads\/2021\/12\/logotipo-realidad-turistica.png","contentUrl":"https:\/\/realidadturistica.com\/realtur\/wp-content\/uploads\/2021\/12\/logotipo-realidad-turistica.png","width":1382,"height":629,"caption":"Realidad Tur\u00edstica"},"image":{"@id":"https:\/\/realidadturistica.com\/realtur\/#\/schema\/logo\/image\/"},"sameAs":["https:\/\/www.facebook.com\/realidadturistica","https:\/\/www.instagram.com\/realidad_turistica\/"]},{"@type":"Person","@id":"https:\/\/realidadturistica.com\/realtur\/#\/schema\/person\/ade671191202490fcf08ab21590de73e","name":"Editor","image":{"@type":"ImageObject","inLanguage":"es","@id":"https:\/\/realidadturistica.com\/realtur\/wp-content\/uploads\/2023\/09\/Editor_avatar_1693668634-96x96.png","url":"https:\/\/realidadturistica.com\/realtur\/wp-content\/uploads\/2023\/09\/Editor_avatar_1693668634-96x96.png","contentUrl":"https:\/\/realidadturistica.com\/realtur\/wp-content\/uploads\/2023\/09\/Editor_avatar_1693668634-96x96.png","caption":"Editor"},"sameAs":["https:\/\/realidadturistica.com\/realtur"],"url":"https:\/\/realidadturistica.com\/realtur\/author\/editor2\/"}]}},"_links":{"self":[{"href":"https:\/\/realidadturistica.com\/realtur\/wp-json\/wp\/v2\/posts\/9989","targetHints":{"allow":["GET"]}}],"collection":[{"href":"https:\/\/realidadturistica.com\/realtur\/wp-json\/wp\/v2\/posts"}],"about":[{"href":"https:\/\/realidadturistica.com\/realtur\/wp-json\/wp\/v2\/types\/post"}],"author":[{"embeddable":true,"href":"https:\/\/realidadturistica.com\/realtur\/wp-json\/wp\/v2\/users\/2"}],"replies":[{"embeddable":true,"href":"https:\/\/realidadturistica.com\/realtur\/wp-json\/wp\/v2\/comments?post=9989"}],"version-history":[{"count":1,"href":"https:\/\/realidadturistica.com\/realtur\/wp-json\/wp\/v2\/posts\/9989\/revisions"}],"predecessor-version":[{"id":9992,"href":"https:\/\/realidadturistica.com\/realtur\/wp-json\/wp\/v2\/posts\/9989\/revisions\/9992"}],"wp:featuredmedia":[{"embeddable":true,"href":"https:\/\/realidadturistica.com\/realtur\/wp-json\/wp\/v2\/media\/9990"}],"wp:attachment":[{"href":"https:\/\/realidadturistica.com\/realtur\/wp-json\/wp\/v2\/media?parent=9989"}],"wp:term":[{"taxonomy":"category","embeddable":true,"href":"https:\/\/realidadturistica.com\/realtur\/wp-json\/wp\/v2\/categories?post=9989"},{"taxonomy":"post_tag","embeddable":true,"href":"https:\/\/realidadturistica.com\/realtur\/wp-json\/wp\/v2\/tags?post=9989"}],"curies":[{"name":"wp","href":"https:\/\/api.w.org\/{rel}","templated":true}]}}